[{"@context":"https:\/\/schema.org\/","@type":"Article","@id":"https:\/\/www.simota.cz\/zaslouzeny-odpocinek\/#Article","mainEntityOfPage":"https:\/\/www.simota.cz\/zaslouzeny-odpocinek\/","headline":"Zaslou\u017een\u00fd odpo\u010dinek","name":"Zaslou\u017een\u00fd odpo\u010dinek","description":"U\u017e jste n\u011bkdy p\u0159em\u00fd\u0161leli nad t\u00edm, \u017ee si zajedete do Beskyd na takovou men\u0161\u00ed dovolenou? To v\u016fbec nen\u00ed \u0161patn\u00fd n\u00e1pad. N\u00e1hodou, dovolen\u00e1 nemus\u00ed b\u00fdt jenom v zahrani\u010d\u00ed, klidn\u011b ji m\u016f\u017eete absolvovat i v \u010cesku a d\u00e1 se u\u017e\u00edt. Ka\u017ed\u00fd podle sv\u00fdch mo\u017enost\u00ed a preferenc\u00ed. J\u00e1 jsem se letos rozhodla, \u017ee si do Beskyd zase vyraz\u00edm. [&hellip;]","datePublished":"2024-08-11","dateModified":"2024-08-11","author":{"@type":"Person","@id":"https:\/\/www.simota.cz\/author\/#Person","name":"","url":"https:\/\/www.simota.cz\/author\/","identifier":1,"image":{"@type":"ImageObject","@id":"https:\/\/secure.gravatar.com\/avatar\/b86e461e91a792eb6523c2667396c9868de382fea5dd80e25dc0d9e030173b65?s=96&d=mm&r=g","url":"https:\/\/secure.gravatar.com\/avatar\/b86e461e91a792eb6523c2667396c9868de382fea5dd80e25dc0d9e030173b65?s=96&d=mm&r=g","height":96,"width":96}},"publisher":{"@type":"Organization","name":"simota.cz","logo":{"@type":"ImageObject","@id":"\/logo.png","url":"\/logo.png","width":600,"height":60}},"image":{"@type":"ImageObject","@id":"https:\/\/www.simota.cz\/wp-content\/uploads\/pilsko-4504147_640_4.jpg","url":"https:\/\/www.simota.cz\/wp-content\/uploads\/pilsko-4504147_640_4.jpg","height":0,"width":0},"url":"https:\/\/www.simota.cz\/zaslouzeny-odpocinek\/","about":["Slu\u017eby"],"wordCount":405,"articleBody":"   U\u017e jste n\u011bkdy p\u0159em\u00fd\u0161leli nad t\u00edm, \u017ee si zajedete do Beskyd na takovou men\u0161\u00ed dovolenou? To v\u016fbec nen\u00ed \u0161patn\u00fd n\u00e1pad. N\u00e1hodou, dovolen\u00e1 nemus\u00ed b\u00fdt jenom v zahrani\u010d\u00ed, klidn\u011b ji m\u016f\u017eete absolvovat i v \u010cesku a d\u00e1 se u\u017e\u00edt. Ka\u017ed\u00fd podle sv\u00fdch mo\u017enost\u00ed a preferenc\u00ed. J\u00e1 jsem se letos rozhodla, \u017ee si do Beskyd zase vyraz\u00edm. Je tam n\u00e1dhern\u00e1 p\u0159\u00edroda, vzduch a prost\u011b m\u011b to tak n\u011bjak tady cel\u00e9 okouzlilo. \u0158ekla bych, \u017ee mnoho lid\u00ed to m\u00e1 stejn\u011b. Vid\u011bla jsem toti\u017e, \u017ee v Beskydech si u\u017e\u00edv\u00e1 dovolenou plno lid\u00ed, a to jak v zim\u011b, tak i v l\u00e9t\u011b. Nen\u00ed divu. V Beskydech je prost\u011b kr\u00e1sn\u011b a mysl\u00edm, \u017ee tohle v\u00e1m potvrd\u00ed v\u0161ichni, kte\u0159\u00ed tam n\u011bkdy byli. Prost\u011b pro\u010d si neud\u011blat kr\u00e1snou dovolenou, kdy\u017e jsou v dne\u0161n\u00ed dob\u011b ty mo\u017enosti a \u017ee jich nen\u00ed m\u00e1lo. Za\u010dala jsem p\u0159ed ned\u00e1vnem pl\u00e1novat dovolenou, co v\u0161echno si vezmu s sebou a tak d\u00e1le a vyb\u00edrala jsem si ubytov\u00e1n\u00ed Beskydy. Vybrala jsem si to, se kter\u00fdm m\u00e1m zku\u0161enosti a ka\u017ed\u00fd rok tam jezd\u00edm a mohu v\u00e1m ho doporu\u010dit na sto procent. Tohle ubytov\u00e1n\u00ed si ur\u010dit\u011b zamilujete. Je n\u00e1dhern\u00e9, velk\u00e9 a prostorn\u00e9, z okna m\u00e1te v\u00fdhled p\u0159\u00edmo ven na p\u0159\u00edrodu a lesy, prost\u011b naprost\u00e1 pecka. Majitel\u00e9 jsou hrozn\u011b mil\u00ed a s \u010d\u00edmkoliv jsem m\u011bla probl\u00e9m, tak jim to nevadilo vy\u0159e\u0161it. Jsem stra\u0161n\u011b r\u00e1da, \u017ee jsem si vybrala zrovna tohle ubytov\u00e1n\u00ed, proto\u017ee jsem snad v lep\u0161\u00edm ubytovan\u00e1 nebyla. Naprosto nejv\u00edce jsem si ale u\u017e\u00edvala to, \u017ee tam byl wellness, kter\u00fd j\u00e1 naprosto zbo\u017e\u0148uji. Asi nenajdete v\u011bt\u0161\u00edho milovn\u00edka wellness, ne\u017e jsem j\u00e1. No, a tak jsem si prost\u011b dovolenou jako ka\u017ed\u00fd rok u\u017eila naplno a v\u016fbec mi nevad\u00ed, \u017ee to bylo v \u010cesku. N\u011bkdo m\u00e1 t\u0159eba po\u017eadavek takov\u00fd, \u017ee chce jezdit do zahrani\u010d\u00ed, ale j\u00e1 takov\u00fd typ \u010dlov\u011bka nejsem \u2013 sp\u00ed\u0161e naopak. Je mi to jedno, hlavn\u011b \u017ee je mi na tom dan\u00e9m m\u00edst\u011b dob\u0159e a u\u017e\u00edv\u00e1m si to. Nic ostatn\u00edho ne\u0159e\u0161\u00edm. Pokud chcete luxusn\u00ed dovolenou, tak zvolte Beskydy a nebudete litovat.                                                                                                                                                                                                                                                                                                                                                                                                  "},{"@context":"https:\/\/schema.org\/","@type":"BreadcrumbList","itemListElement":[{"@type":"ListItem","position":1,"name":"Zaslou\u017een\u00fd odpo\u010dinek","item":"https:\/\/www.simota.cz\/zaslouzeny-odpocinek\/#breadcrumbitem"}]}]