[{"@context":"https:\/\/schema.org\/","@type":"Article","@id":"https:\/\/www.simota.cz\/zaliba-v-uceni\/#Article","mainEntityOfPage":"https:\/\/www.simota.cz\/zaliba-v-uceni\/","headline":"Z\u00e1liba v u\u010den\u00ed","name":"Z\u00e1liba v u\u010den\u00ed","description":"J\u00e9 z\u00e1\u0159\u00ed a to znamen\u00e1, \u017ee d\u011bti usedaj\u00ed do \u0161koln\u00edch lavic. Kdy\u017e u\u017e jsme u \u0161koly, tak t\u011b\u0161ili jste se, kdy\u017e jste \u0161li do prvn\u00ed t\u0159\u00eddy. Mnoho lid\u00ed se u\u017e ani nevzpom\u00edn\u00e1, jestli se t\u011b\u0161ili. Kdy\u017e \u0161li poprv\u00e9 do \u0161koly, j\u00e1 si tohle vzpom\u00edn\u00e1m. Opravdu p\u0159esn\u011b si tohle pamatuji? Mus\u00edm \u0159\u00edct, \u017ee jsem se velice [&hellip;]","datePublished":"2023-10-11","dateModified":"2023-10-11","author":{"@type":"Person","@id":"https:\/\/www.simota.cz\/author\/#Person","name":"","url":"https:\/\/www.simota.cz\/author\/","identifier":1,"image":{"@type":"ImageObject","@id":"https:\/\/secure.gravatar.com\/avatar\/b86e461e91a792eb6523c2667396c9868de382fea5dd80e25dc0d9e030173b65?s=96&d=mm&r=g","url":"https:\/\/secure.gravatar.com\/avatar\/b86e461e91a792eb6523c2667396c9868de382fea5dd80e25dc0d9e030173b65?s=96&d=mm&r=g","height":96,"width":96}},"publisher":{"@type":"Organization","name":"simota.cz","logo":{"@type":"ImageObject","@id":"\/logo.png","url":"\/logo.png","width":600,"height":60}},"image":{"@type":"ImageObject","@id":"https:\/\/www.simota.cz\/wp-content\/uploads\/children-99507_960_720.jpg","url":"https:\/\/www.simota.cz\/wp-content\/uploads\/children-99507_960_720.jpg","height":0,"width":0},"url":"https:\/\/www.simota.cz\/zaliba-v-uceni\/","about":["Vzd\u011bl\u00e1n\u00ed"],"wordCount":415,"articleBody":"J\u00e9 z\u00e1\u0159\u00ed a to znamen\u00e1, \u017ee d\u011bti usedaj\u00ed do \u0161koln\u00edch lavic. Kdy\u017e u\u017e jsme u \u0161koly, tak t\u011b\u0161ili jste se, kdy\u017e jste \u0161li do prvn\u00ed t\u0159\u00eddy. Mnoho lid\u00ed se u\u017e ani nevzpom\u00edn\u00e1, jestli se t\u011b\u0161ili. Kdy\u017e \u0161li poprv\u00e9 do \u0161koly, j\u00e1 si tohle vzpom\u00edn\u00e1m. Opravdu p\u0159esn\u011b si tohle pamatuji? Mus\u00edm \u0159\u00edct, \u017ee jsem se velice t\u011b\u0161ila. Opravdu u\u017e jsem cht\u011bla j\u00edt do prvn\u00ed t\u0159\u00eddy. Cht\u011bla jsem tam j\u00edt sama. Ov\u0161em maminka \u0159ekla, \u017ee sama j\u00edt nemohu. Bylo to dalek\u00e9 asi jeden kilometr\u00a0od na\u0161eho domu. Mamince jsem \u0159ekla, \u017ee budu hodn\u00e1 a \u017ee p\u016fjdu opatrn\u011b. Ale i takhle m\u011b to v\u016fbec nevy\u0161lo. Nav\u00edc maminka \u0159ekla, \u017ee ona tam tak\u00e9 b\u00fdt mus\u00ed.Mus\u00ed\u0161 se domluvit s pan\u00ed u\u010ditelkou. Tak\u00e9 nakonec mus\u00edm uznat, \u017ee vzd\u011bl\u00e1v\u00e1n\u00ed m\u011b velice bavilo. R\u00e1da jsem se u\u010dila. Tak\u00e9 m\u011b pot\u011b\u0161ilo, \u017ee jsem m\u011bla opravdu perfektn\u00ed zn\u00e1mky. Jinak by m\u011b vzd\u011bl\u00e1v\u00e1n\u00ed se asi nebavilo. Proto jsem na konci dev\u00e1t\u00e9ho ro\u010dn\u00edku \u0159ekla mamince, \u017ee bych \u0161la studovat nejrad\u011bji gymn\u00e1zium. Je to \u010dty\u0159let\u00e9 gymn\u00e1zium. A potom, kdy\u017e jsem ud\u011blala \u00fasp\u011b\u0161n\u011b \u010dty\u0159let\u00e9 gymn\u00e1zium, tak jsem nastoupila na pedagogickou fakultu. V\u017edycky jsem cht\u011bla b\u00fdt u\u010ditelka, tedy alespo\u0148 od osm\u00e9 t\u0159\u00eddy jsem cht\u011bla b\u00fdt u\u010ditelka. Cht\u011bla jsem studovat pedagogiku. Nakonec to v\u0161echno dopadlo opravdu perfektn\u011b. Mimo pedagogiky jsem tak\u00e9 se u\u010dila na klav\u00edr a tak\u00e9 na housle. A mus\u00edm \u0159\u00edct, \u017ee mi to opravdu hodn\u011b \u0161lo a moc m\u011b to bavilo. Jsem r\u00e1da, \u017ee m\u00e1m takov\u00e9to z\u00e1liby. A jak\u00e9 jsou jin\u00e9 z\u00e1liby krom\u011b u\u010den\u00ed? Samoz\u0159ejm\u011b, \u017ee nap\u0159\u00edklad \u0161achy anebo tak\u00e9 volejbal. Mysl\u00edm si, \u017ee \u010dlov\u011bk m\u00e1 v\u017edycky n\u011bco tak\u00e9 skloubit s n\u011bjak\u00fdm sportem. Proto\u017ee p\u0159i sportu si \u010dlov\u011bk odpo\u010dine. P\u0159i sportu si tak\u00e9 \u010dlov\u011bk vy\u010dist\u00ed hlavu od v\u0161edn\u00edch starost\u00ed. J\u00e1 sama jsem si \u0159ekla, \u017ee kdybych m\u011bla st\u00e1le starosti a stres, \u017ee bych se ani nedok\u00e1zala ur\u010dit. A tak s kamar\u00e1dkou chod\u00edme do krou\u017eku volejbalu. U\u017e tam chod\u00edme \u0161est\u00a0let. A st\u00e1le n\u00e1s to bav\u00ed. Na volejbale jsem si tak\u00e9 na\u0161la partnera.\u00a0                                                                                                                                                                                                                                                                                                                                                                                                "},{"@context":"https:\/\/schema.org\/","@type":"BreadcrumbList","itemListElement":[{"@type":"ListItem","position":1,"name":"Z\u00e1liba v u\u010den\u00ed","item":"https:\/\/www.simota.cz\/zaliba-v-uceni\/#breadcrumbitem"}]}]