[{"@context":"https:\/\/schema.org\/","@type":"Article","@id":"https:\/\/www.simota.cz\/vybirejte-skvele-materialy-na-obleceni\/#Article","mainEntityOfPage":"https:\/\/www.simota.cz\/vybirejte-skvele-materialy-na-obleceni\/","headline":"Vyb\u00edrejte skv\u011bl\u00e9 materi\u00e1ly na oble\u010den\u00ed","name":"Vyb\u00edrejte skv\u011bl\u00e9 materi\u00e1ly na oble\u010den\u00ed","description":"Jakou l\u00e1tku nebo materi\u00e1l m\u00e1te r\u00e1di? Ka\u017ed\u00fd m\u00e1 sv\u016fj obl\u00edben\u00fd materi\u00e1l, z kter\u00e9ho r\u00e1d nos\u00ed sv\u00e9 oble\u010den\u00ed. Nebo do nich obl\u00edk\u00e1 sv\u00e9 d\u011bti. Kdy\u017e se zam\u011b\u0159\u00edme na prakti\u010dnost materi\u00e1lu, ten se hod\u00ed p\u0159edev\u0161\u00edm pro d\u011bti. Ale tak\u00e9 do situac\u00ed jako je sport, d\u00e9\u0161\u0165 nebo t\u0159eba p\u0159i zam\u011bstn\u00e1n\u00ed v ter\u00e9nu pro dosp\u011bl\u00e9 osoby. M\u016fj obl\u00edben\u00fd materi\u00e1l [&hellip;]","datePublished":"2023-05-15","dateModified":"2023-05-15","author":{"@type":"Person","@id":"https:\/\/www.simota.cz\/author\/#Person","name":"","url":"https:\/\/www.simota.cz\/author\/","identifier":1,"image":{"@type":"ImageObject","@id":"https:\/\/secure.gravatar.com\/avatar\/b86e461e91a792eb6523c2667396c9868de382fea5dd80e25dc0d9e030173b65?s=96&d=mm&r=g","url":"https:\/\/secure.gravatar.com\/avatar\/b86e461e91a792eb6523c2667396c9868de382fea5dd80e25dc0d9e030173b65?s=96&d=mm&r=g","height":96,"width":96}},"publisher":{"@type":"Organization","name":"simota.cz","logo":{"@type":"ImageObject","@id":"\/logo.png","url":"\/logo.png","width":600,"height":60}},"image":{"@type":"ImageObject","@id":"https:\/\/www.simota.cz\/wp-content\/uploads\/istockphoto-862202152-612x612.jpg","url":"https:\/\/www.simota.cz\/wp-content\/uploads\/istockphoto-862202152-612x612.jpg","height":0,"width":0},"url":"https:\/\/www.simota.cz\/vybirejte-skvele-materialy-na-obleceni\/","about":["Produkty"],"wordCount":434,"articleBody":"   Jakou l\u00e1tku nebo materi\u00e1l m\u00e1te r\u00e1di? Ka\u017ed\u00fd m\u00e1 sv\u016fj obl\u00edben\u00fd materi\u00e1l, z kter\u00e9ho r\u00e1d nos\u00ed sv\u00e9 oble\u010den\u00ed. Nebo do nich obl\u00edk\u00e1 sv\u00e9 d\u011bti. Kdy\u017e se zam\u011b\u0159\u00edme na prakti\u010dnost materi\u00e1lu, ten se hod\u00ed p\u0159edev\u0161\u00edm pro d\u011bti. Ale tak\u00e9 do situac\u00ed jako je sport, d\u00e9\u0161\u0165 nebo t\u0159eba p\u0159i zam\u011bstn\u00e1n\u00ed v ter\u00e9nu pro dosp\u011bl\u00e9 osoby. M\u016fj obl\u00edben\u00fd materi\u00e1l je softshell, bavlna, merino vlna, fleece a \u0161us\u0165\u00e1kovina. Ka\u017ed\u00fd z v\u00fd\u0161e zm\u00edn\u011bn\u00fdch je vhodn\u00fd k n\u011b\u010demu jin\u00e9mu. Softshell pou\u017e\u00edv\u00e1m na podzim hlavn\u011b jako odolnost proti v\u011btru. Kalhoty, bundy, n\u00e1kr\u010dn\u00edk i \u010depice, skv\u011ble se hod\u00ed na v\u0161e. Nikdy se mi nestalo, \u017ee by mi v softshellu byla zima nebo naopak velk\u00e9 teplo. A u d\u011bt\u00ed to plat\u00ed takt\u00e9\u017e. Bavlna je vhodn\u00e1 na spodn\u00ed pr\u00e1dlo a tri\u010dka. Merino vlnu miluji, proto\u017ee pat\u0159\u00ed mezi funk\u010dn\u00ed oble\u010den\u00ed. To znamen\u00e1, \u017ee dob\u0159e odv\u00e1d\u00ed pot. To se hod\u00ed p\u0159i sportu nebo t\u0159eba p\u0159i no\u0161en\u00ed d\u011bt\u00ed v nos\u00edtku v hork\u00fdch letn\u00edch m\u011bs\u00edc\u00edch. Z fleecu m\u00e1m snad v\u0161echny mikiny, kter\u00e9 jsou vhodn\u00e9 v chladn\u00fdch m\u011bs\u00edc\u00edch. A co \u0161us\u0165\u00e1kovina? Ta je skv\u011bl\u00e1 s funk\u010dn\u00ed kombinac\u00ed. H\u0159eje, odv\u00e1d\u00ed pot, odolnost proti de\u0161ti, v\u011btru a vlhkosti celkov\u011b. \u0160us\u0165\u00e1kov\u00fd materi\u00e1l vyu\u017e\u00edv\u00e1m p\u0159edev\u0161\u00edm na d\u011btsk\u00e9 zimn\u00ed kombin\u00e9zy a ly\u017ea\u0159sk\u00e9 oble\u010den\u00ed pro sebe a man\u017eela na hory. Je vhodn\u00fd i na pl\u00e1\u0161t\u011bnky.Nos\u00edte? Pro m\u011b je velice praktick\u00e1, kdy\u017e jdeme s d\u011btmi v de\u0161ti. A v\u00edte pro\u010d? Nemus\u00edm toti\u017e v ruce dr\u017eet de\u0161tn\u00edk a m\u00e1m voln\u00e9 ob\u011b ruce. Kdo m\u00e1 d\u011bti, tak v\u00ed, \u017ee to je k nezaplacen\u00ed. Koupila jsem si ke stylov\u00e9 pl\u00e1\u0161t\u011bnce origin\u00e1ln\u00ed barevn\u00e9 hol\u00ednky. Nemus\u00edte se tedy ob\u00e1vat, \u017ee budete vypadat ve m\u011bst\u011b nevhodn\u011b. V\u011b\u0159te mi, \u017ee jde i tato m\u00f3da nakombinovat tak, abyste se c\u00edtili dob\u0159e. Vyb\u00edrat m\u016f\u017eete ze spousty barev, V\u00fdrazn\u00e9 i decentn\u00ed. Matn\u00e9 i leskl\u00e9. Co se l\u00edb\u00ed V\u00e1m? J\u00e1 jsem se s d\u011btmi sladila dokonale barevn\u011b. nejmlad\u0161\u00ed dcera m\u00e1 sv\u011btle r\u016f\u017eovou pl\u00e1\u0161t\u011bnku, star\u0161\u00ed dcera pak tmav\u011b r\u016f\u017eovou a j\u00e1 \u010dervenou. Jsme v\u0161echny spokojen\u00e9!                                                                                                                                                                                                                                                                                                                                                                                                   "},{"@context":"https:\/\/schema.org\/","@type":"BreadcrumbList","itemListElement":[{"@type":"ListItem","position":1,"name":"Vyb\u00edrejte skv\u011bl\u00e9 materi\u00e1ly na oble\u010den\u00ed","item":"https:\/\/www.simota.cz\/vybirejte-skvele-materialy-na-obleceni\/#breadcrumbitem"}]}]