[{"@context":"https:\/\/schema.org\/","@type":"Article","@id":"https:\/\/www.simota.cz\/vezmete-s-sebou-i-vase-deti\/#Article","mainEntityOfPage":"https:\/\/www.simota.cz\/vezmete-s-sebou-i-vase-deti\/","headline":"Vezm\u011bte s sebou i va\u0161e d\u011bti","name":"Vezm\u011bte s sebou i va\u0161e d\u011bti","description":"Pokud chcete va\u0161im d\u011btem, v\u0161ech v\u011bkov\u00fdch kategori\u00ed, ud\u011blat jednak radost, ale i jim umo\u017enit z\u00e1bavu a odpo\u010dinek, jak\u00fd cht\u011bj\u00ed, v\u011b\u0159te, \u017ee jste velmi spr\u00e1vn\u011b a jen v na\u0161em ubytov\u00e1n\u00ed v T\u0159eboni, si u\u017eijete, t\u011bch nejkr\u00e1sn\u011bj\u0161\u00ed chvil spolu. M\u016f\u017eete vz\u00edt va\u0161e d\u011bti do kr\u00e1sn\u00e9 krajiny, i si s nimi sportovat, bavit se ale i odpo\u010d\u00edvat, jak [&hellip;]","datePublished":"2024-12-08","dateModified":"2024-12-08","author":{"@type":"Person","@id":"https:\/\/www.simota.cz\/author\/#Person","name":"","url":"https:\/\/www.simota.cz\/author\/","identifier":1,"image":{"@type":"ImageObject","@id":"https:\/\/secure.gravatar.com\/avatar\/b86e461e91a792eb6523c2667396c9868de382fea5dd80e25dc0d9e030173b65?s=96&d=mm&r=g","url":"https:\/\/secure.gravatar.com\/avatar\/b86e461e91a792eb6523c2667396c9868de382fea5dd80e25dc0d9e030173b65?s=96&d=mm&r=g","height":96,"width":96}},"publisher":{"@type":"Organization","name":"simota.cz","logo":{"@type":"ImageObject","@id":"\/logo.png","url":"\/logo.png","width":600,"height":60}},"url":"https:\/\/www.simota.cz\/vezmete-s-sebou-i-vase-deti\/","wordCount":196,"articleBody":" Pokud chcete va\u0161im d\u011btem, v\u0161ech v\u011bkov\u00fdch kategori\u00ed, ud\u011blat jednak radost, ale i jim umo\u017enit z\u00e1bavu a odpo\u010dinek, jak\u00fd cht\u011bj\u00ed, v\u011b\u0159te, \u017ee jste velmi spr\u00e1vn\u011b a jen v na\u0161em ubytov\u00e1n\u00ed v T\u0159eboni, si u\u017eijete, t\u011bch nejkr\u00e1sn\u011bj\u0161\u00ed chvil spolu. M\u016f\u017eete vz\u00edt va\u0161e d\u011bti do kr\u00e1sn\u00e9 krajiny, i si s nimi sportovat, bavit se ale i odpo\u010d\u00edvat, jak je libo. Nebojte se, s n\u00e1mi si zde odpo\u010dinete i vy, rodi\u010de. Kr\u00e1sn\u00e9 pokoje a kr\u00e1sn\u00e9 prost\u0159ed\u00ed Pro nejkr\u00e1sn\u011bj\u0161\u00ed komfort a celkovou pohodu, v\u00e1m i va\u0161im mal\u00fdm ratolestem, nab\u00edz\u00edme vynikaj\u00edc\u00ed druhy pokoj\u016f, kde najdete jen klid, komfort, pohodl\u00ed i tak \u00fatuln\u00e1 m\u00edsta, jak\u00e1 se v\u00e1m i va\u0161im d\u011btem budou velmi l\u00edbit. S na\u0161\u00edm ubytov\u00e1n\u00edm v T\u0159eboni, se v\u017edy zabav\u00ed mal\u00ed i velc\u00ed a tak\u00e9 si v\u0161ichni spolu sm\u00edte \u00fa\u017easn\u011b odpo\u010dinout. Vyu\u017eijte celou na\u0161i nab\u00eddku, cen\u00edk i v\u0161echno pohodl\u00ed, jak\u00e9 v\u00e1m nab\u00edz\u00edme.                                                                                                                                                                                                                                                                                                                                                                                                "},{"@context":"https:\/\/schema.org\/","@type":"BreadcrumbList","itemListElement":[{"@type":"ListItem","position":1,"name":"Vezm\u011bte s sebou i va\u0161e d\u011bti","item":"https:\/\/www.simota.cz\/vezmete-s-sebou-i-vase-deti\/#breadcrumbitem"}]}]