[{"@context":"https:\/\/schema.org\/","@type":"Article","@id":"https:\/\/www.simota.cz\/v-beskydech\/#Article","mainEntityOfPage":"https:\/\/www.simota.cz\/v-beskydech\/","headline":"V Beskydech","name":"V Beskydech","description":"Zrovna tyto hory nejsou nijak velik\u00e9, rozhodn\u011b nemohou konkurovat nap\u0159\u00edklad Alp\u00e1m, nebo jen Tatr\u00e1m, rozhodn\u011b maj\u00ed mezi turisty sv\u00e9 m\u00edsto. A ka\u017ed\u00fd jezd\u00ed tam, kde se mu l\u00edb\u00ed. Nejv\u00edce nav\u0161t\u011bvovan\u00fdm m\u00edstem cel\u00fdch Beskyd je jist\u011b na prvn\u00edm m\u00edst\u011b hora Radho\u0161\u0165. Ne, nen\u00ed nejvy\u0161\u0161\u00ed, je a\u017e sedm\u00e1. Ta nejvy\u0161\u0161\u00ed le\u017e\u00ed v polsk\u00e9 \u010d\u00e1st Beskyd a m\u00e1 [&hellip;]","datePublished":"2024-04-29","dateModified":"2024-04-29","author":{"@type":"Person","@id":"https:\/\/www.simota.cz\/author\/#Person","name":"","url":"https:\/\/www.simota.cz\/author\/","identifier":1,"image":{"@type":"ImageObject","@id":"https:\/\/secure.gravatar.com\/avatar\/b86e461e91a792eb6523c2667396c9868de382fea5dd80e25dc0d9e030173b65?s=96&d=mm&r=g","url":"https:\/\/secure.gravatar.com\/avatar\/b86e461e91a792eb6523c2667396c9868de382fea5dd80e25dc0d9e030173b65?s=96&d=mm&r=g","height":96,"width":96}},"publisher":{"@type":"Organization","name":"simota.cz","logo":{"@type":"ImageObject","@id":"\/logo.png","url":"\/logo.png","width":600,"height":60}},"image":{"@type":"ImageObject","@id":"https:\/\/www.simota.cz\/wp-content\/uploads\/house-219919_640.jpg","url":"https:\/\/www.simota.cz\/wp-content\/uploads\/house-219919_640.jpg","height":0,"width":0},"url":"https:\/\/www.simota.cz\/v-beskydech\/","about":["Cestov\u00e1n\u00ed"],"wordCount":415,"articleBody":"Zrovna tyto hory nejsou nijak velik\u00e9, rozhodn\u011b nemohou konkurovat nap\u0159\u00edklad Alp\u00e1m, nebo jen Tatr\u00e1m, rozhodn\u011b maj\u00ed mezi turisty sv\u00e9 m\u00edsto. A ka\u017ed\u00fd jezd\u00ed tam, kde se mu l\u00edb\u00ed. Nejv\u00edce nav\u0161t\u011bvovan\u00fdm m\u00edstem cel\u00fdch Beskyd je jist\u011b na prvn\u00edm m\u00edst\u011b hora Radho\u0161\u0165. Ne, nen\u00ed nejvy\u0161\u0161\u00ed, je a\u017e sedm\u00e1. Ta nejvy\u0161\u0161\u00ed le\u017e\u00ed v polsk\u00e9 \u010d\u00e1st Beskyd a m\u00e1 n\u00e1zev Babia hora, Je vysok\u00e1 kilometr a tis\u00edc sedm set dvacet p\u011bt metr\u016f, tedy je je\u0161t\u011b vy\u0161\u0161\u00ed ne\u017e polsk\u00e1 Sn\u011b\u017eka, o kter\u00e9 se tvrd\u00ed, \u017ee je to na\u0161e nejvy\u0161\u0161\u00ed hora. Pro\u010d tomu tak je po tom nem\u00e1 smysl p\u00e1trat. Ale zp\u00e1tky k Radho\u0161ti. \u00a0Asi je nejnav\u0161t\u011bvovan\u011bj\u0161\u00ed proto, \u017ee se cesta k n\u011bmu za\u010d\u00edn\u00e1 na Pustevn\u00e1ch. Pokud nezn\u00e1te, je to velk\u00e1 chyba. Jsou zde toti\u017e budovy, kter\u00e9 navrhoval architekt pan Jurkovi\u010d a ty jsou tak malebn\u00e9, \u017ee mus\u00ed zaujmout naprosto ka\u017ed\u00e9ho. Dal\u0161\u00edm faktem je, \u017ee se jde kolem sochy Radegasta. Ano, je podle n\u011bj nazv\u00e1no pivo. Nu a naho\u0159e v c\u00edli cesty se lze kochat nejen kr\u00e1sn\u00fdm v\u00fdhledem, ale tak\u00e9 je zde kaple svat\u00e9ho Cyrila a Metod\u011bje. Ta dr\u017e\u00ed jeden velk\u00fd rekord, je to toti\u017e nejv\u00fd\u0161e polo\u017een\u00e1 c\u00edrkevn\u00ed stavba u n\u00e1s, v na\u0161\u00ed republice. Je zde ov\u0161em tak\u00e9 vys\u00edla\u010d, jak by tak\u00e9 ne a hotel. Ten nese n\u00e1zev Radegast a my se asi budeme muset pod\u00edvat na tento v\u00fdraz trochu bl\u00ed\u017ee.\u00a0Je to vlastn\u011b \u201ejen\u201c pohansk\u00fd b\u016fh. Po cest\u011b na vrchol uvid\u00edte jeho sochu, kter\u00e1 m\u00e1 mu\u017esk\u00e9 t\u011blo s hlavou, kter\u00e1 m\u00e1 podobu lva s \u00fa\u0161klebkem \u0161elmy. D\u00e1le ji popisovat nebudeme neb nen\u00ed m\u00edsto. Autorem sochy je pan Pol\u00e1\u0161ek a ona sama m\u00e1 velmi zaj\u00edmavou historii, kterou si p\u0159\u00edmo na m\u00edst\u011b lze p\u0159e\u010d\u00edst. Pokud jste p\u0159i\u0161lo tou nejfrekventovan\u011bj\u0161\u00ed trasou z ji\u017e \u0159e\u010den\u00fdch Pusteven a nechcete se tam ji\u017e vracet, pak se dr\u017ete modr\u00e9 zna\u010dky a dostanete se do Ro\u017enova pod Radho\u0161t\u011bm. Je to sice n\u00e1dhern\u00e1 t\u00fara, av\u0161ak slab\u0161\u00edm nebo m\u00e9n\u011b zdatn\u00fdm turist\u016fm bych ji asi nedoporu\u010dil. \u00a0Nu\u017ee, a\u017e se vyd\u00e1te do Beskyd, v\u00edte, kam se d\u00edvat a jist\u011b se v\u00e1m tam bude l\u00edbit.\u00a0                                                                                                                                                                                                                                                                                                                                                                                                "},{"@context":"https:\/\/schema.org\/","@type":"BreadcrumbList","itemListElement":[{"@type":"ListItem","position":1,"name":"V Beskydech","item":"https:\/\/www.simota.cz\/v-beskydech\/#breadcrumbitem"}]}]