[{"@context":"https:\/\/schema.org\/","@type":"Article","@id":"https:\/\/www.simota.cz\/stary-trabant\/#Article","mainEntityOfPage":"https:\/\/www.simota.cz\/stary-trabant\/","headline":"Star\u00fd trabant","name":"Star\u00fd trabant","description":"Vzpom\u00edn\u00e1m si, kdy\u017e mi m\u016fj d\u011bde\u010dek vypr\u00e1v\u011bl, jak dostal sv\u00e9 prvn\u00ed\u00a0auto, tedy on ho nedostal, on si ho koupil. A\u00a0tak\u00e9 skv\u011bl\u00e9\u00a0na tom bylo, \u017ee on\u00a0si na to auto na\u0161et\u0159il \u00fapln\u011b s\u00e1m. Na\u0161et\u0159il si na to \u00fapln\u011b bez ciz\u00ed pomoci.\u00a0A v\u00edte, jak\u00e9 to auto? Bylo to opravdu kr\u00e1sn\u00fd trabant. Trabant je\u0161t\u011b v t\u00e9 dob\u011b jsem d\u011blal [&hellip;]","datePublished":"2023-09-28","dateModified":"2024-06-04","author":{"@type":"Person","@id":"https:\/\/www.simota.cz\/author\/#Person","name":"","url":"https:\/\/www.simota.cz\/author\/","identifier":1,"image":{"@type":"ImageObject","@id":"https:\/\/secure.gravatar.com\/avatar\/b86e461e91a792eb6523c2667396c9868de382fea5dd80e25dc0d9e030173b65?s=96&d=mm&r=g","url":"https:\/\/secure.gravatar.com\/avatar\/b86e461e91a792eb6523c2667396c9868de382fea5dd80e25dc0d9e030173b65?s=96&d=mm&r=g","height":96,"width":96}},"publisher":{"@type":"Organization","name":"simota.cz","logo":{"@type":"ImageObject","@id":"\/logo.png","url":"\/logo.png","width":600,"height":60}},"image":{"@type":"ImageObject","@id":"https:\/\/www.simota.cz\/wp-content\/uploads\/car-6001775_1280.jpg","url":"https:\/\/www.simota.cz\/wp-content\/uploads\/car-6001775_1280.jpg","height":0,"width":0},"url":"https:\/\/www.simota.cz\/stary-trabant\/","about":["Auto moto"],"wordCount":444,"articleBody":"Vzpom\u00edn\u00e1m si, kdy\u017e mi m\u016fj d\u011bde\u010dek vypr\u00e1v\u011bl, jak dostal sv\u00e9 prvn\u00ed\u00a0auto, tedy on ho nedostal, on si ho koupil. A\u00a0tak\u00e9 skv\u011bl\u00e9\u00a0na tom bylo, \u017ee on\u00a0si na to auto na\u0161et\u0159il \u00fapln\u011b s\u00e1m. Na\u0161et\u0159il si na to \u00fapln\u011b bez ciz\u00ed pomoci.\u00a0A v\u00edte, jak\u00e9 to auto? Bylo to opravdu kr\u00e1sn\u00fd trabant. Trabant je\u0161t\u011b v t\u00e9 dob\u011b jsem d\u011blal z bakelitu, nebyl to \u00fapln\u011b stejn\u00fd materi\u00e1l, jako je nyn\u00ed. I nyn\u00ed si \u0159\u00edk\u00e1m, \u017ee kdyby se vr\u00e1til t\u0159eba trabanta zp\u00e1tky do prodeje, \u017ee by to byla opravdu pecka, proto\u017ee mnoho lid\u00ed by tohle kupovalo. Tedy alespo\u0148 j\u00e1 bych si tak\u00e9 trabant koupila, proto\u017ee na trabant m\u00e1m\u00a0opravdu skv\u011bl\u00e9 vzpom\u00ednky a mysl\u00edm si, \u017ee nejsem jedin\u00e1. Podle m\u00e9ho n\u00e1zoru ka\u017ed\u00fd ve st\u0159edn\u00edch letech by si asi po\u0159\u00eddil tak\u00e9 trabanta, proto\u017ee\u00a0ka\u017ed\u00fd na to m\u011bl skv\u011bl\u00e9 vzpom\u00ednky z d\u011btstv\u00ed, \u017ee t\u0159eba jejich rodi\u010de nebo prarodi\u010de tak\u00e9 m\u011bli pr\u00e1v\u011b zm\u00edn\u011bn\u00fd kr\u00e1sn\u00fd bakelitov\u00fd trabant. Ale pokud se u\u017e bav\u00edme o automobilech, tak d\u011bde\u010dek m\u011bl tak\u00e9 je\u0161t\u011b\u00a0dal\u0161\u00ed auto. Byla to \u0161koda sto dvacet. Mysl\u00edm si, \u017ee \u0161kodu sto\u00a0dvac\u00edtku ur\u010dit\u011b m\u011bl ka\u017ed\u00fd. Tak\u00e9 my jsme m\u011bli kr\u00e1sn\u011b modrou \u0161kodovku, jenom\u017ee nejhor\u0161\u00ed na tom bylo, \u017ee kdy\u017e si\u00a0d\u011bde\u010dek potom po\u0159izoval t\u0159et\u00ed\u00a0auto, tak tuhle modrou \u0161kodovku dal m\u00e9mu bratrovi, kter\u00fd ji \u00fapln\u011b zni\u010dil, \u00fapln\u011b ji dopracoval, jak \u0159\u00edkala moje maminka. Opravdu hodn\u011b m\u011b to mrzelo. M\u016fj d\u011bde\u010dek m\u011bl tuhle \u0161kodovku jeden\u00e1ct\u00a0let, a bratr\u00a0ji b\u011bhem dvou\u00a0nebo t\u0159\u00ed m\u011bs\u00edc\u016f \u00fapln\u011b zni\u010dil. On toti\u017e m\u011bl \u010derstv\u011b \u0159idi\u010d\u00e1k a ne \u017ee, by boural, ale on d\u011blal s\u00a0tou \u0161kodovkou takov\u00e9 man\u00e9vry a takov\u00e9 divok\u00e9 v\u011bci, \u017ee je logick\u00e9, \u017ee potom tahle \u0161kodovka tohle v\u016fbec nevydr\u017eela. P\u0159itom jsme m\u011bli kupce na pades\u00e1t tis\u00edc\u00a0korun, \u017ee pr\u00fd by takhle v dobr\u00e9m stavu \u0161kodovku koupil. Jenom\u017ee d\u011bde\u010dek cht\u011bl ud\u011blat radost m\u00e9mu bratrovi, kter\u00fd m\u011bl \u010derstv\u00fd \u0159idi\u010d\u00e1k. Dal mu\u00a0tuhle \u0161kodovku\u00a0na vyje\u017ed\u011bn\u00ed. Akor\u00e1t d\u011bde\u010dek netu\u0161il, \u017ee to\u00a0zni\u010d\u00ed takhle. Za p\u00e1r m\u011bs\u00edc\u016f. D\u011bde\u010dek si myslel, \u017ee mu to alespo\u0148 vydr\u017e\u00ed t\u0159i\u00a0roky, ne\u017e si potom bratr po\u0159\u00edd\u00ed \u00fapln\u011b nov\u00e9 vlastn\u00ed prvn\u00ed\u00a0auto.\u00a0                                                                                                                                                                                                                                                                                                                                                                                                "},{"@context":"https:\/\/schema.org\/","@type":"BreadcrumbList","itemListElement":[{"@type":"ListItem","position":1,"name":"Star\u00fd trabant","item":"https:\/\/www.simota.cz\/stary-trabant\/#breadcrumbitem"}]}]