[{"@context":"https:\/\/schema.org\/","@type":"Article","@id":"https:\/\/www.simota.cz\/proc-tak-radi-jezdime-k-mori-ci-na-hory\/#Article","mainEntityOfPage":"https:\/\/www.simota.cz\/proc-tak-radi-jezdime-k-mori-ci-na-hory\/","headline":"Pro\u010d tak r\u00e1di jezd\u00edme k mo\u0159i \u010di na hory","name":"Pro\u010d tak r\u00e1di jezd\u00edme k mo\u0159i \u010di na hory","description":"V\u00fdb\u011br dovolen\u00e9 samoz\u0159ejm\u011b nen\u00ed jednoduch\u00fd, av\u0161ak pokud pojedeme do zahrani\u010d\u00ed, je zde velk\u00e1 pravd\u011bpodobnost, \u017ee zvol\u00edme jednu ze dvou z\u00e1kladn\u00edch destinac\u00ed: mo\u0159e nebo hory. Zde z\u00e1le\u017e\u00ed p\u0159edev\u0161\u00edm na ro\u010dn\u00ed dob\u011b, i kdy\u017e je mnohem obvyklej\u0161\u00ed jet v\u00a0zim\u011b k\u00a0mo\u0159i ne\u017e v\u00a0l\u00e9t\u011b nap\u0159\u00edklad do Alp. Je to proto, \u017ee jako druh poch\u00e1z\u00edme z\u00a0tropick\u00e9ho podneb\u00ed, a tak je [&hellip;]","datePublished":"2023-12-31","dateModified":"2023-12-31","author":{"@type":"Person","@id":"https:\/\/www.simota.cz\/author\/#Person","name":"","url":"https:\/\/www.simota.cz\/author\/","identifier":1,"image":{"@type":"ImageObject","@id":"https:\/\/secure.gravatar.com\/avatar\/b86e461e91a792eb6523c2667396c9868de382fea5dd80e25dc0d9e030173b65?s=96&d=mm&r=g","url":"https:\/\/secure.gravatar.com\/avatar\/b86e461e91a792eb6523c2667396c9868de382fea5dd80e25dc0d9e030173b65?s=96&d=mm&r=g","height":96,"width":96}},"publisher":{"@type":"Organization","name":"simota.cz","logo":{"@type":"ImageObject","@id":"\/logo.png","url":"\/logo.png","width":600,"height":60}},"image":{"@type":"ImageObject","@id":"https:\/\/www.simota.cz\/wp-content\/uploads\/hory4_1.jpg","url":"https:\/\/www.simota.cz\/wp-content\/uploads\/hory4_1.jpg","height":0,"width":0},"url":"https:\/\/www.simota.cz\/proc-tak-radi-jezdime-k-mori-ci-na-hory\/","about":["Cestov\u00e1n\u00ed"],"wordCount":411,"articleBody":"V\u00fdb\u011br dovolen\u00e9 samoz\u0159ejm\u011b nen\u00ed jednoduch\u00fd, av\u0161ak pokud pojedeme do zahrani\u010d\u00ed, je zde velk\u00e1 pravd\u011bpodobnost, \u017ee zvol\u00edme jednu ze dvou z\u00e1kladn\u00edch destinac\u00ed: mo\u0159e nebo hory. Zde z\u00e1le\u017e\u00ed p\u0159edev\u0161\u00edm na ro\u010dn\u00ed dob\u011b, i kdy\u017e je mnohem obvyklej\u0161\u00ed jet v\u00a0zim\u011b k\u00a0mo\u0159i ne\u017e v\u00a0l\u00e9t\u011b nap\u0159\u00edklad do Alp. Je to proto, \u017ee jako druh poch\u00e1z\u00edme z\u00a0tropick\u00e9ho podneb\u00ed, a tak je n\u00e1m podstatn\u011b bli\u017e\u0161\u00ed. Pro\u010d ale zrovna mo\u0159e \u010di velehory?\u00a0\u00a0D\u016fvod je v\u00a0podstat\u011b jedin\u00fd: doma je nem\u00e1me. Na\u0161e zem\u011b zkr\u00e1tka v\u00a0tomto ohledu nem\u00e1 nic, \u010d\u00edm by vynikala. Na\u0161e nejvy\u0161\u0161\u00ed \u201ehora\u201c, pokud se tomu tak d\u00e1 v\u016fbec \u0159\u00edkat, se ty\u010d\u00ed pouze do v\u00fd\u0161ky 1\u00a0602 metr\u016f nad mo\u0159em. Kdy\u017e to srovn\u00e1me s\u00a0jin\u00fdmi poho\u0159\u00edmi, jejich\u017e vrcholy \u010dasto dosahuj\u00ed i v\u00edce ne\u017e dvakr\u00e1t takov\u00e9 v\u00fd\u0161ky, je jasn\u00e9, \u017ee se Sn\u011b\u017eka nezd\u00e1 zrovna impozantn\u00ed.\u00a0K\u00a0tomu m\u016f\u017eeme p\u0159idat i fakt, \u017ee se jedn\u00e1 v\u00a0podstat\u011b sv\u00fdm tvarem o kopec. Nenajdeme tu strm\u00e9 vrcholy \u010di majest\u00e1tn\u00ed horsk\u00e9 \u0161t\u00edty, jen relativn\u011b m\u00edrn\u00e9 stoup\u00e1n\u00ed. To je sice dobr\u00e9 pro turisty, kte\u0159\u00ed tak mohou snadno vy\u0161lapat na vrchol, av\u0161ak ne pro horolezce, kte\u0159\u00ed hledaj\u00ed v\u00fdzvu. Nelze se tedy divit, \u017ee za n\u00ed jezd\u00ed do zahrani\u010d\u00ed.\u00a0\u00a0Co se mo\u0159e t\u00fd\u010de, tak to u n\u00e1s zkr\u00e1tka nen\u00ed, a ani na\u0161e jezera a rybn\u00edky jej nedovedou nahradit. A jeliko\u017e jej m\u00e1me spojeno d\u00edky r\u016fzn\u00fdm film\u016fm jak s\u00a0exotikou a dobrodru\u017estv\u00edm, tak i s\u00a0odpo\u010dinkem a relaxac\u00ed, nelze se divit, \u017ee jej vyhled\u00e1v\u00e1me. Nav\u00edc je zde i ten fakt, \u017ee koup\u00e1n\u00ed v\u00a0n\u011bm m\u00e1 prokazateln\u011b pozitivn\u00ed vliv na hojen\u00ed ran i n\u011bkter\u00e9 ko\u017en\u00ed probl\u00e9my.\u00a0To v\u0161e je vhodn\u00e9 v\u011bd\u011bt je\u0161t\u011b p\u0159edt\u00edm, ne\u017e si dovolenou za\u010dneme pl\u00e1novat. Jist\u011b, na cest\u00e1ch do t\u011bchto destinac\u00edch nen\u00ed v\u016fbec nic \u0161patn\u00e9ho, naopak. Mohou n\u00e1m velmi pomoci a skute\u010dn\u011b si zde odpo\u010dineme. Ona novelta se tak\u00e9 a\u017e tak rychle nevypa\u0159\u00ed, je tedy dobr\u00e9 ji vyu\u017e\u00edt, dokud to jde. Koneckonc\u016f dovolen\u00e1 m\u00e1 b\u00fdt o nab\u00edr\u00e1n\u00ed nov\u00fdch sil, a\u0165 u\u017e fyzick\u00fdch \u010di psychick\u00fdch. Jen tak skute\u010dn\u011b spln\u00ed sv\u016fj \u00fa\u010del.                                                                                                                                                                                                                                                                                                                                                                                                "},{"@context":"https:\/\/schema.org\/","@type":"BreadcrumbList","itemListElement":[{"@type":"ListItem","position":1,"name":"Pro\u010d tak r\u00e1di jezd\u00edme k mo\u0159i \u010di na hory","item":"https:\/\/www.simota.cz\/proc-tak-radi-jezdime-k-mori-ci-na-hory\/#breadcrumbitem"}]}]