[{"@context":"https:\/\/schema.org\/","@type":"Article","@id":"https:\/\/www.simota.cz\/pocitacove-kurzy\/#Article","mainEntityOfPage":"https:\/\/www.simota.cz\/pocitacove-kurzy\/","headline":"Po\u010d\u00edta\u010dov\u00e9 kurzy","name":"Po\u010d\u00edta\u010dov\u00e9 kurzy","description":"Po\u010d\u00edta\u010de u\u017e lid\u00e9 vyu\u017e\u00edvaj\u00ed opravdu na denn\u00edm po\u0159\u00e1dku. A\u00a0po\u010d\u00edta\u010de jsou pro n\u011bkoho denn\u00edm chlebem. Abych se p\u0159iznala, tak i j\u00e1 pou\u017e\u00edv\u00e1m po\u010d\u00edta\u010d opravdu ka\u017ed\u00fd den, a to hlavn\u011b kv\u016fli tomu, \u017ee r\u00e1no, kdy\u017e je\u0161t\u011b odvedu syna a star\u0161\u00edho syna do \u0161koly a do \u0161kolky, tak m\u00e1m potom je\u0161t\u011b hodinu \u010das, ne\u017e mi za\u010dne moje zam\u011bstn\u00e1n\u00ed. [&hellip;]","datePublished":"2024-04-28","dateModified":"2024-06-28","author":{"@type":"Person","@id":"https:\/\/www.simota.cz\/author\/#Person","name":"","url":"https:\/\/www.simota.cz\/author\/","identifier":1,"image":{"@type":"ImageObject","@id":"https:\/\/secure.gravatar.com\/avatar\/b86e461e91a792eb6523c2667396c9868de382fea5dd80e25dc0d9e030173b65?s=96&d=mm&r=g","url":"https:\/\/secure.gravatar.com\/avatar\/b86e461e91a792eb6523c2667396c9868de382fea5dd80e25dc0d9e030173b65?s=96&d=mm&r=g","height":96,"width":96}},"publisher":{"@type":"Organization","name":"simota.cz","logo":{"@type":"ImageObject","@id":"\/logo.png","url":"\/logo.png","width":600,"height":60}},"image":{"@type":"ImageObject","@id":"https:\/\/www.simota.cz\/wp-content\/uploads\/desk-593327_1280_10_4.jpg","url":"https:\/\/www.simota.cz\/wp-content\/uploads\/desk-593327_1280_10_4.jpg","height":0,"width":0},"url":"https:\/\/www.simota.cz\/pocitacove-kurzy\/","about":["IT"],"wordCount":427,"articleBody":"Po\u010d\u00edta\u010de u\u017e lid\u00e9 vyu\u017e\u00edvaj\u00ed opravdu na denn\u00edm po\u0159\u00e1dku. A\u00a0po\u010d\u00edta\u010de jsou pro n\u011bkoho denn\u00edm chlebem. Abych se p\u0159iznala, tak i j\u00e1 pou\u017e\u00edv\u00e1m po\u010d\u00edta\u010d opravdu ka\u017ed\u00fd den, a to hlavn\u011b kv\u016fli tomu, \u017ee r\u00e1no, kdy\u017e je\u0161t\u011b odvedu syna a star\u0161\u00edho syna do \u0161koly a do \u0161kolky, tak m\u00e1m potom je\u0161t\u011b hodinu \u010das, ne\u017e mi za\u010dne moje zam\u011bstn\u00e1n\u00ed. A tak si v\u017edycky sednu k po\u010d\u00edta\u010di. Pro\u010d\u00edt\u00e1m\u00a0si emaily anebo se\u00a0tak\u00e9 kouk\u00e1m na soci\u00e1ln\u00ed s\u00edt\u011b. A v\u017edy, kdy\u017e n\u011bkomu \u0159eknu, \u017ee m\u011b tak\u00e9 zaj\u00edmaj\u00ed soci\u00e1ln\u00ed s\u00edt\u011b a \u017ee sleduj\u00ed soci\u00e1ln\u00ed s\u00edt\u011b, tak se mi ka\u017ed\u00fd sm\u011bje, proto\u017ee opravdu v\u0161ichni lid\u00e9 mi \u0159\u00edkaj\u00ed, \u017ee soci\u00e1ln\u00ed s\u00edt\u011b na po\u010d\u00edta\u010d\u00edch jsou pr\u00fd jenom pro mlad\u00e9 anebo pro n\u011bjak\u00e9 d\u00edt\u011b. J\u00e1 samoz\u0159ejm\u011b ch\u00e1pu, \u017ee soci\u00e1ln\u00ed s\u00edt\u011b jsou hlavn\u011b pro mlad\u00e9, ale nech\u00e1pu, pro\u010d j\u00e1 p\u011btat\u0159icetilet\u00e1 \u017eena, bych se nemohla d\u00edvat na Facebook anebo taky m\u00edt Instagram. J\u00e1 osobn\u011b na tom nevid\u00edm v\u016fbec nic \u0161patn\u00e9ho. A co se t\u00fdk\u00e1 po\u010d\u00edta\u010d\u016f a celkov\u00e9 informa\u010dn\u00ed technologie, tak ch\u00e1pu, \u017ee n\u011bkdy je to opravdu hodn\u011b n\u00e1ro\u010dn\u00e9. Kdy\u017e lid\u00e9 se v tomhle nevyznaj\u00ed, tak je potom logick\u00e9, \u017ee tak\u00e9 nemohou d\u011blat dal\u0161\u00ed \u00fakony a dal\u0161\u00ed v\u011bci, kter\u00e9 by m\u011bly zn\u00e1t, aby se t\u0159eba v tomhle po\u0159\u00e1dn\u011b vyznali.Kdy\u017e lid\u00e9 jednozna\u010dn\u011b cht\u011bj\u00ed pracovat s po\u010d\u00edta\u010dem anebo maj\u00ed takov\u00e9 zam\u011bstn\u00e1n\u00ed, kde vyu\u017e\u00edvaj\u00ed po\u010d\u00edta\u010de opravdu ka\u017ed\u00fd den. Tak je potom logick\u00e9, \u017ee lid\u00e9 by se v po\u010d\u00edta\u010di m\u011bli vyznat. N\u011bkdy je to opravdu hodn\u011b d\u016fle\u017eit\u00e9. Jenom\u017ee lid\u00e9, kdy\u017e pot\u0159ebuj\u00ed pr\u00e1ci na po\u010d\u00edta\u010di, ale v\u016fbec se v tom nevyznaj\u00ed, \u017ee\u00a0neum\u00ed ud\u011blat webov\u00e9 str\u00e1nky a podobn\u011b. Tak\u00a0jsou tady od toho dal\u0161\u00ed po\u010d\u00edta\u010dov\u00e9 kurzy, kter\u00e9 m\u016f\u017eete absolvovat, abyste se v po\u010d\u00edta\u010d\u00edch a v\u00a0informa\u010dn\u00ed technologii l\u00e9pe vyznali. T\u0159eba j\u00e1 u\u017e m\u00e1m tak\u00e9 za sebou dva\u00a0po\u010d\u00edta\u010dov\u00e9 kurzy. Opravdu se nemus\u00edte b\u00e1t.\u00a0Po\u010d\u00edta\u010dov\u00e9 kurzy jsou opravdu kvalitn\u00ed a p\u0159edpokl\u00e1d\u00e1m, \u017ee v\u0161echny informace na kurzu pochop\u00ed ka\u017ed\u00fd. J\u00e1 to tak\u00e9 pochopila a jsem za to r\u00e1da.\u00a0                                                                                                                                                                                                                                                                                                                                                                                                "},{"@context":"https:\/\/schema.org\/","@type":"BreadcrumbList","itemListElement":[{"@type":"ListItem","position":1,"name":"Po\u010d\u00edta\u010dov\u00e9 kurzy","item":"https:\/\/www.simota.cz\/pocitacove-kurzy\/#breadcrumbitem"}]}]