[{"@context":"https:\/\/schema.org\/","@type":"Article","@id":"https:\/\/www.simota.cz\/na-reseni-mate-reseni\/#Article","mainEntityOfPage":"https:\/\/www.simota.cz\/na-reseni-mate-reseni\/","headline":"Na \u0159e\u0161en\u00ed m\u00e1te \u0159e\u0161en\u00ed","name":"Na \u0159e\u0161en\u00ed m\u00e1te \u0159e\u0161en\u00ed","description":"Nel\u00edb\u00ed se v\u00e1m va\u0161e dom\u00e1cnost? R\u00e1di byste zm\u011bnili v\u0161e od z\u00e1kladu, ale nev\u00edte, kde p\u0159esn\u011b za\u010d\u00edt? Zkuste ze v\u0161eho nejd\u0159\u00edv, pozvat bytov\u00e9ho architekta z Hradce Kr\u00e1lov\u00e9. \u0160ikovn\u00fd Josef Budina, kter\u00fd z va\u0161eho nep\u011bkn\u00e9ho a ne\u0159e\u0161iteln\u00e9ho prostoru, dok\u00e1\u017ee ud\u011blat hotov\u00fd r\u00e1j na zemi. Ud\u011bl\u00e1 v\u00e1m n\u00e1vrh, kter\u00fd nech\u00e1 zhodnotit va\u0161im p\u0159\u00edsn\u00fdm okem, a kdy\u017e nebudete m\u00edt [&hellip;]","datePublished":"2023-05-24","dateModified":"2024-05-27","author":{"@type":"Person","@id":"https:\/\/www.simota.cz\/author\/#Person","name":"","url":"https:\/\/www.simota.cz\/author\/","identifier":1,"image":{"@type":"ImageObject","@id":"https:\/\/secure.gravatar.com\/avatar\/b86e461e91a792eb6523c2667396c9868de382fea5dd80e25dc0d9e030173b65?s=96&d=mm&r=g","url":"https:\/\/secure.gravatar.com\/avatar\/b86e461e91a792eb6523c2667396c9868de382fea5dd80e25dc0d9e030173b65?s=96&d=mm&r=g","height":96,"width":96}},"publisher":{"@type":"Organization","name":"simota.cz","logo":{"@type":"ImageObject","@id":"\/logo.png","url":"\/logo.png","width":600,"height":60}},"url":"https:\/\/www.simota.cz\/na-reseni-mate-reseni\/","wordCount":237,"articleBody":"Nel\u00edb\u00ed se v\u00e1m va\u0161e dom\u00e1cnost? R\u00e1di byste zm\u011bnili v\u0161e od z\u00e1kladu, ale nev\u00edte, kde p\u0159esn\u011b za\u010d\u00edt? Zkuste ze v\u0161eho nejd\u0159\u00edv, pozvat bytov\u00e9ho architekta z Hradce Kr\u00e1lov\u00e9. \u0160ikovn\u00fd Josef Budina, kter\u00fd z va\u0161eho nep\u011bkn\u00e9ho a ne\u0159e\u0161iteln\u00e9ho prostoru, dok\u00e1\u017ee ud\u011blat hotov\u00fd r\u00e1j na zemi. Ud\u011bl\u00e1 v\u00e1m n\u00e1vrh, kter\u00fd nech\u00e1 zhodnotit va\u0161im p\u0159\u00edsn\u00fdm okem, a kdy\u017e nebudete m\u00edt n\u00e1mitky, r\u00e1d se spole\u010dn\u011b s pomocn\u00edky, pust\u00ed do pr\u00e1ce. Odpadnou v\u00e1m starosti se sh\u00e1n\u011bn\u00edm vhodn\u00e9 firmy, \u010di vkusn\u00e9ho n\u00e1bytku. P\u0159iprav\u00ed v\u00e1m domov, o jak\u00e9m se v\u00e1m ani nezd\u00e1lo. Co se zd\u00e1lo ne\u0159e\u0161iteln\u00e9, na\u0161lo vhodn\u00e9 vy\u0159e\u0161en\u00ed.\tNa rekonstrukci nikdy nen\u00ed pozd\u011bKoupili jste nemovitost a p\u0159i\u0161li na spoustu nedostatk\u016f? Nev\u00edte, jak prostory upravit a vhodn\u011b vy\u0159e\u0161it? Pro za\u010d\u00e1tek si pozv\u011bte na pomoc bytov\u00e9ho architekta z Hradce Kr\u00e1lov\u00e9. Nebojte se, nebude se hned pou\u0161t\u011bt do bour\u00e1n\u00ed, \u010di stav\u011bn\u00ed. Va\u0161e situace pot\u0159ebuje nejd\u0159\u00edv zhodnocen\u00ed a vytvo\u0159en\u00ed vhodn\u00e9ho n\u00e1vrhu. Pokud budete souhlasit, nen\u00ed probl\u00e9m, aby se postaral o samotn\u00e9 \u0159e\u0161en\u00ed projektu, tak\u017ee i o firmy, kter\u00e9 se o rekonstrukci pod\u011bl\u00ed.                                                                                                                                                                                                                                                                                                                                                                                                "},{"@context":"https:\/\/schema.org\/","@type":"BreadcrumbList","itemListElement":[{"@type":"ListItem","position":1,"name":"Na \u0159e\u0161en\u00ed m\u00e1te \u0159e\u0161en\u00ed","item":"https:\/\/www.simota.cz\/na-reseni-mate-reseni\/#breadcrumbitem"}]}]