[{"@context":"https:\/\/schema.org\/","@type":"Article","@id":"https:\/\/www.simota.cz\/laska-mezi-lidmi\/#Article","mainEntityOfPage":"https:\/\/www.simota.cz\/laska-mezi-lidmi\/","headline":"L\u00e1ska mezi lidmi","name":"L\u00e1ska mezi lidmi","description":"Jestli\u017ee je n\u011bco, co je zapot\u0159eb\u00ed, pak je to to, aby se lid\u00e9 m\u011bli r\u00e1di, a to u\u017e jen proto, \u017ee pokud tomu tak je, v\u0161e je najednou mnohem jednodu\u0161\u0161\u00ed. Pokud nap\u0159\u00edklad pracujete s\u00a0lidmi, se kter\u00fdmi se vz\u00e1jemn\u011b nemus\u00edte, je dost mo\u017en\u00e9, \u017ee mnoho v\u011bc\u00ed nep\u016fjde tak snadno, jak by se mohlo zd\u00e1t a to [&hellip;]","datePublished":"2024-01-24","dateModified":"2024-01-24","author":{"@type":"Person","@id":"https:\/\/www.simota.cz\/author\/#Person","name":"","url":"https:\/\/www.simota.cz\/author\/","identifier":1,"image":{"@type":"ImageObject","@id":"https:\/\/secure.gravatar.com\/avatar\/b86e461e91a792eb6523c2667396c9868de382fea5dd80e25dc0d9e030173b65?s=96&d=mm&r=g","url":"https:\/\/secure.gravatar.com\/avatar\/b86e461e91a792eb6523c2667396c9868de382fea5dd80e25dc0d9e030173b65?s=96&d=mm&r=g","height":96,"width":96}},"publisher":{"@type":"Organization","name":"simota.cz","logo":{"@type":"ImageObject","@id":"\/logo.png","url":"\/logo.png","width":600,"height":60}},"image":{"@type":"ImageObject","@id":"https:\/\/www.simota.cz\/wp-content\/uploads\/people-1230872_640.jpg","url":"https:\/\/www.simota.cz\/wp-content\/uploads\/people-1230872_640.jpg","height":0,"width":0},"url":"https:\/\/www.simota.cz\/laska-mezi-lidmi\/","about":["L\u00e1ska"],"wordCount":502,"articleBody":"Jestli\u017ee je n\u011bco, co je zapot\u0159eb\u00ed, pak je to to, aby se lid\u00e9 m\u011bli r\u00e1di, a to u\u017e jen proto, \u017ee pokud tomu tak je, v\u0161e je najednou mnohem jednodu\u0161\u0161\u00ed. Pokud nap\u0159\u00edklad pracujete s\u00a0lidmi, se kter\u00fdmi se vz\u00e1jemn\u011b nemus\u00edte, je dost mo\u017en\u00e9, \u017ee mnoho v\u011bc\u00ed nep\u016fjde tak snadno, jak by se mohlo zd\u00e1t a to proto, \u017ee kdy\u017e n\u011bkoho o n\u011bco popros\u00edte a on nespln\u00ed to, co m\u00e1, je mo\u017en\u00e9, \u017ee to, co m\u00e1te splnit vy, kv\u016fli tomu nebudete moct ud\u011blat a vy na konec budete t\u00edm, na koho bude \u0161\u00e9f na\u0161tvan\u00fd, proto\u017ee pr\u00e1v\u011b takto to kolikr\u00e1t b\u00fdv\u00e1. Je velmi d\u016fle\u017eit\u00e9, aby spolu lid\u00e9 vych\u00e1zeli. Pokud m\u00e1te s\u00a0n\u011bk\u00fdm v\u00a0pr\u00e1ci probl\u00e9m, postavte se k\u00a0tomu tak, \u017ee se pokus\u00edte vyj\u00edt profesn\u011b se v\u0161emi, ale t\u00edm to pro v\u00e1s skon\u010d\u00ed. Je velice d\u016fle\u017eit\u00e9 k\u00a0tomu pr\u00e1v\u011b takto p\u0159istupovat a to, pokud nechcete p\u0159ij\u00edt o sv\u00e9 pracovn\u00ed m\u00edsto jen kv\u016fli tomu, \u017ee vztahy v\u00a0dan\u00e9 firm\u011b nefunguj\u00ed tak, jak by m\u011bly. Stejn\u00e9 je to v\u00a0rodin\u011b. Je jasn\u00e9, \u017ee pokud v\u00a0rodin\u011b v\u0161e funguje tak, jak m\u00e1, pak se s\u00a0n\u00ed budete r\u00e1di v\u00eddat. Pokud je ale v\u00a0rodin\u011b n\u011bkdo, koho nemus\u00edte, za\u010dnete n\u011bkter\u00e9 rodinn\u00e9 se\u0161losti vynech\u00e1vat a to proto, abyste si nezkazili den t\u00edm, \u017ee dan\u00fd \u010dlov\u011bk, kter\u00e9ho nemus\u00edte, bude zase jenom nad\u00e1vat na v\u0161echno okolo. Je pochopiteln\u00e9, \u017ee \u010dlov\u011bk z\u016fstane rad\u011bji doma, ne\u017e aby se sch\u00e1zel s\u00a0takov\u00fdmi lidmi a kazil si t\u00edm den. Rozhodn\u011b jde poznat, pokud \u010dlov\u011bk n\u011bkoho nemus\u00ed, a to u\u017e i t\u00edm, jak se k\u00a0n\u011bmu chov\u00e1. Je jasn\u00e9, \u017ee pokud m\u00e1te n\u011bkoho r\u00e1di, budete se k\u00a0n\u011bmu chovat \u00fapln\u011b jinak ne\u017e k\u00a0\u010dlov\u011bku, kter\u00fd v\u00e1m vad\u00ed. Je zapot\u0159eb\u00ed se nad t\u00edm v\u0161\u00edm zamyslet a ur\u010dit\u00fdm zp\u016fsobem se k\u00a0tomu postavit. Pokud byste si \u0159ekli, \u017ee probl\u00e9m s\u00a0lidmi v\u00a0pr\u00e1ci vy\u0159e\u0161\u00edte t\u00edm, \u017ee si najdete pr\u00e1ci jinde, proto\u017ee si mysl\u00edte, \u017ee naraz\u00edte na lep\u0161\u00ed kolektiv, pak sp\u00ed\u0161e po\u010d\u00edtejte s\u00a0t\u00edm, \u017ee naraz\u00edte na kolektiv velice podobn\u00e9ho charakteru, a to u\u017e jen proto, \u017ee v\u017edy se najde n\u011bkdo, s\u00a0k\u00fdm si nesednete. N\u011b\u010demu takov\u00e9mu se nevyhnete, a to i p\u0159esto, \u017ee byste si to p\u0159\u00e1li. V\u00a0p\u0159\u00edpad\u011b rodiny to \u010dlov\u011bk m\u016f\u017ee vy\u0159e\u0161it jedin\u011b t\u00edm, \u017ee se nebude z\u00fa\u010dast\u0148ovat ur\u010dit\u00fdch se\u0161lost\u00ed. V\u00a0p\u0159\u00edpad\u011b rodiny to nejde vy\u0159e\u0161it tak jednodu\u0161e, jako nap\u0159\u00edklad v\u00a0pr\u00e1ci.                                                                                                                                                                                                                                                                                                                                                                                                "},{"@context":"https:\/\/schema.org\/","@type":"BreadcrumbList","itemListElement":[{"@type":"ListItem","position":1,"name":"L\u00e1ska mezi lidmi","item":"https:\/\/www.simota.cz\/laska-mezi-lidmi\/#breadcrumbitem"}]}]