[{"@context":"https:\/\/schema.org\/","@type":"Article","@id":"https:\/\/www.simota.cz\/laska-je-krasna-cit\/#Article","mainEntityOfPage":"https:\/\/www.simota.cz\/laska-je-krasna-cit\/","headline":"L\u00e1ska je kr\u00e1sn\u00e1 cit","name":"L\u00e1ska je kr\u00e1sn\u00e1 cit","description":"Co pro v\u00e1s v\u016fbec znamen\u00e1 l\u00e1ska? Znamen\u00e1 pro v\u00e1s hodn\u011b? J\u00e1 abych pravdu \u0159ekla, tak j\u00e1 osobn\u011b bych bez l\u00e1sky v\u016fbec b\u00fdt nemohla. L\u00e1ska je pro m\u011b opravdu hodn\u011b d\u016fle\u017eit\u00e1 a mysl\u00edm si, \u017ee l\u00e1ska k lidem taky do \u017eivota p\u0159in\u00e1\u0161\u00ed klid a pohodu. Jenom si p\u0159edstavte, kdyby se t\u0159eba nikoho nem\u011bli, kdo by v\u00e1s [&hellip;]","datePublished":"2022-03-02","dateModified":"2022-03-02","author":{"@type":"Person","@id":"https:\/\/www.simota.cz\/author\/#Person","name":"","url":"https:\/\/www.simota.cz\/author\/","identifier":1,"image":{"@type":"ImageObject","@id":"https:\/\/secure.gravatar.com\/avatar\/b86e461e91a792eb6523c2667396c9868de382fea5dd80e25dc0d9e030173b65?s=96&d=mm&r=g","url":"https:\/\/secure.gravatar.com\/avatar\/b86e461e91a792eb6523c2667396c9868de382fea5dd80e25dc0d9e030173b65?s=96&d=mm&r=g","height":96,"width":96}},"publisher":{"@type":"Organization","name":"simota.cz","logo":{"@type":"ImageObject","@id":"\/logo.png","url":"\/logo.png","width":600,"height":60}},"image":{"@type":"ImageObject","@id":"https:\/\/www.simota.cz\/wp-content\/uploads\/couple-260899_960_720_2.jpg","url":"https:\/\/www.simota.cz\/wp-content\/uploads\/couple-260899_960_720_2.jpg","height":0,"width":0},"url":"https:\/\/www.simota.cz\/laska-je-krasna-cit\/","about":["L\u00e1ska"],"wordCount":431,"articleBody":"Co pro v\u00e1s v\u016fbec znamen\u00e1 l\u00e1ska? Znamen\u00e1 pro v\u00e1s hodn\u011b? J\u00e1 abych pravdu \u0159ekla, tak j\u00e1 osobn\u011b bych bez l\u00e1sky v\u016fbec b\u00fdt nemohla. L\u00e1ska je pro m\u011b opravdu hodn\u011b d\u016fle\u017eit\u00e1 a mysl\u00edm si, \u017ee l\u00e1ska k lidem taky do \u017eivota p\u0159in\u00e1\u0161\u00ed klid a pohodu. Jenom si p\u0159edstavte, kdyby se t\u0159eba nikoho nem\u011bli, kdo by v\u00e1s m\u011bl r\u00e1d nebo kdo by v\u00e1s t\u0159eba pohladil. Mysl\u00edm se, \u017ee ka\u017ed\u00e9ho \u010dlov\u011bka by to velice zamrzelo, kdyby nem\u011bl n\u011bkoho bl\u00edzk\u00e9ho, ke kter\u00e9mu by se mohl p\u0159itulit anebo taky se na n\u011bj obr\u00e1tit v p\u0159\u00edpad\u011b nouze. J\u00e1 zn\u00e1m jednu pan\u00ed, kter\u00e1 je u\u017e opravdu hodn\u011b dlouho sama. Nem\u00e1 v\u016fbec \u017e\u00e1dn\u00e9 d\u011bti, tak\u017ee potom logicky nem\u00e1 ani \u017e\u00e1dn\u00e1 vnou\u010data, kter\u00e1 by za n\u00ed jezdila na n\u00e1v\u0161t\u011bvu nebo kter\u00e1 by se o n\u00ed potom nejvy\u0161\u0161\u00edm p\u0159\u00edpad\u011b starala. A pan\u00ed je u\u017e skoro sedmdes\u00e1t let a v\u017edycky kdy\u017e se s n\u00ed bav\u00edm, tak mi \u0159\u00edk\u00e1, \u017ee toho opravdu hodn\u011b lituje, \u017ee si nepo\u0159\u00eddila \u017e\u00e1dn\u00e9 d\u011bti. A taky v\u016fbec nepoznala, co to znamen\u00e1 mate\u0159sk\u00e1 l\u00e1ska. J\u00e1 pan\u00ed sice ch\u00e1pu, proto\u017ee j\u00e1 sama m\u00e1m dv\u011b d\u011bti a opravdu si nedok\u00e1\u017eu p\u0159edstavit \u017eivot, \u017ee bych nem\u011bla mal\u00e9 d\u011bti. M\u011b to opravdu hodn\u011b bav\u00ed. Tedy samoz\u0159ejm\u011b kdy\u017e opomenu ty porodn\u00ed bolesti nebo t\u011bhotensk\u00e9 nevolnosti, tak potom ke konci porodu u\u017e to opravdu perfektn\u00ed je. A j\u00e1 m\u00e1m nejrad\u011bji mate\u0159skou l\u00e1skou, kter\u00e1 je naprosto bezpodm\u00edne\u010dn\u00e1, samoz\u0159ejm\u011b jsem ale taky zamilovan\u00e1 do sv\u00e9ho partnera, se kter\u00fdm m\u00e1m sv\u00e9 dv\u011b kr\u00e1sn\u00e9 d\u011bti. P\u0159\u00edtele opravdu hodn\u011b miluji a mus\u00edm uznat, \u017ee jsem si asi l\u00e9pe taky vybrat nemohla, proto\u017ee m\u016fj p\u0159\u00edtel je hodn\u011b pracovit\u00fd mu\u017e, se kter\u00fdm je mi dob\u0159e a je to taky nav\u00edc perfektn\u00ed otec. Jsem r\u00e1da, \u017ee vlastn\u011b s celou rodinou se m\u00e1me skv\u011ble a m\u00e1me se v\u0161ichni r\u00e1di a ct\u00edme se se jako velk\u00e1 rodina. Jsou toti\u017e taky rodiny, kde to bohu\u017eel v\u0159e a taky se tam bohu\u017eel hodn\u011b \u010dasto h\u00e1daj\u00ed. M\u011b by to hodn\u011b mrzelo a vadilo by mi to, jsem hodn\u011b citliv\u00fd \u010dlov\u011bk, tak\u017ee m\u00e1m moc r\u00e1da klid, l\u00e1sku a taky pohodu.\u00a0                                                                                                                                                                                                                                                                                                                                                                                                "},{"@context":"https:\/\/schema.org\/","@type":"BreadcrumbList","itemListElement":[{"@type":"ListItem","position":1,"name":"L\u00e1ska je kr\u00e1sn\u00e1 cit","item":"https:\/\/www.simota.cz\/laska-je-krasna-cit\/#breadcrumbitem"}]}]